[{"@context":"https:\/\/schema.org\/","@type":"Article","@id":"https:\/\/www.torfin.cz\/a-nezapomente-v-horach-na-funkcni-pradlo\/#Article","mainEntityOfPage":"https:\/\/www.torfin.cz\/a-nezapomente-v-horach-na-funkcni-pradlo\/","headline":"A nezapome\u0148te v hor\u00e1ch na funk\u010dn\u00ed pr\u00e1dlo","name":"A nezapome\u0148te v hor\u00e1ch na funk\u010dn\u00ed pr\u00e1dlo","description":"Vysokohorsk\u00e1 turistika je jednou z nejobl\u00edben\u011bj\u0161\u00edch dovolenkov\u00fdch aktivit, co\u017e prokazuje obrovsk\u00fd z\u00e1jem obyvatel na\u0161\u00ed zem\u011b ohledn\u011b zaji\u0161t\u011bn\u00ed ubytov\u00e1n\u00ed v hor\u00e1ch a n\u00e1kup outdoorov\u00e9ho vybaven\u00ed. Z\u0159ejm\u011b","datePublished":"2023-12-12","dateModified":"2024-05-20","author":{"@type":"Person","@id":"https:\/\/www.torfin.cz\/author\/#Person","name":"","url":"https:\/\/www.torfin.cz\/author\/","identifier":1,"image":{"@type":"ImageObject","@id":"https:\/\/secure.gravatar.com\/avatar\/87007d43bbcef3c87926bba9082d96a1a8da6f7ae55b1546f5f58a5e10d8ed12?s=96&d=mm&r=g","url":"https:\/\/secure.gravatar.com\/avatar\/87007d43bbcef3c87926bba9082d96a1a8da6f7ae55b1546f5f58a5e10d8ed12?s=96&d=mm&r=g","height":96,"width":96}},"publisher":{"@type":"Organization","name":"torfin.cz","logo":{"@type":"ImageObject","@id":"\/logo.png","url":"\/logo.png","width":600,"height":60}},"image":{"@type":"ImageObject","@id":"https:\/\/www.torfin.cz\/wp-content\/uploads\/mountain-lake-2889295_640.jpg","url":"https:\/\/www.torfin.cz\/wp-content\/uploads\/mountain-lake-2889295_640.jpg","height":0,"width":0},"url":"https:\/\/www.torfin.cz\/a-nezapomente-v-horach-na-funkcni-pradlo\/","about":["Byznys"],"wordCount":408,"articleBody":"   Vysokohorsk\u00e1 turistika je jednou z nejobl\u00edben\u011bj\u0161\u00edch dovolenkov\u00fdch aktivit, co\u017e prokazuje obrovsk\u00fd z\u00e1jem obyvatel na\u0161\u00ed zem\u011b ohledn\u011b zaji\u0161t\u011bn\u00ed ubytov\u00e1n\u00ed v hor\u00e1ch a n\u00e1kup outdoorov\u00e9ho vybaven\u00ed. Z\u0159ejm\u011b se jedn\u00e1 o pokra\u010dov\u00e1n\u00ed tradice, kter\u00e1 se v na\u0161\u00ed zemi budovala ji\u017e za socialismu, a mohli bychom sm\u011ble doplnit, \u017ee pr\u00e1v\u011b turistika je nesm\u00edrn\u011b prosp\u011b\u0161n\u00fd druh fyzick\u00fdch aktivit pro lidsk\u00fd organismus.Vypravit se do hor, vy\u0161plhat se na kopec a pohled\u011bt do \u00fadol\u00ed je n\u011bco jako droga, ov\u0161em pozitivn\u011b sm\u011b\u0159ovan\u00e1, pochopiteln\u011b nesrovnateln\u00e1 s omamn\u00fdmi l\u00e1tkami. Jednou z t\u011bch vysloven\u011b siln\u00fdch drog je turistika ve Vysok\u00fdch Tatr\u00e1ch. Toto poho\u0159\u00ed m\u00e1 v porovn\u00e1n\u00ed nap\u0159\u00edklad s Alpami z\u00e1sadn\u00ed v\u00fdhodu v tom, \u017ee je p\u0159ehledn\u00e9, relativn\u011b mal\u00e9, a \u017ee tu v\u00fdrazn\u011b kontrastuje s okoln\u00ed krajinou, zejm\u00e9na \u00fadol\u00edm \u0159eky V\u00e1h.Jestli\u017ee byste r\u00e1di Vysok\u00e9 Tatry poznali bl\u00ed\u017ee a pokochali se fantastick\u00fdmi vyhl\u00eddkami do krajiny, pak bychom v\u00e1m pro za\u010d\u00e1tek mohli doporu\u010dit Solisko a vodop\u00e1d Skok. Mus\u00edte se v\u0161ak dob\u0159e obl\u00e9knout a uv\u011bdomit si, \u017ee nejste v Praze na V\u00e1clav\u00e1ku, ale ve v\u00fd\u0161ce nad tis\u00edc metr\u016f nad mo\u0159em.Funk\u010dn\u00ed pr\u00e1dlo a termoregulaceA\u017e si budete balit v\u011bci do hor, nezapome\u0148te na funk\u010dn\u00ed pr\u00e1dlo Active https:\/\/www.c-store.cz\/Active-c104_1333_3.htm. M\u016f\u017ee se to zd\u00e1t celkem zbyte\u010dn\u00e9, pro\u010d v\u011bnovat tolik pozornosti spodn\u00edmu pr\u00e1dlu, kdy\u017e je p\u0159ece d\u016fle\u017eit\u011bj\u0161\u00ed zajistit nepromokavost svrchn\u00edku, tedy hlavn\u011b kalhot a bundy, ov\u0161em u spodn\u00edho pr\u00e1dla za\u010d\u00edn\u00e1 v\u00e1\u0161 t\u011blesn\u00fd komfort, a c\u00edtit se p\u0159\u00edjemn\u011b je pr\u00e1v\u011b v hor\u00e1ch nesm\u00edrn\u011b d\u016fle\u017eit\u00e9.Kl\u00ed\u010dov\u00e9 slovo ohledn\u011b funk\u010dn\u00edho spodn\u00edho pr\u00e1dla je termoregulace. Pr\u00e1dlo toti\u017e nas\u00e1v\u00e1 pot a udr\u017euje poko\u017eku v suchu, t\u00edm p\u00e1dem se star\u00e1 o to, aby v\u00e1m v chladn\u011bj\u0161\u00edm obdob\u00ed nebyla zima a neprochladli jste. A v Tatr\u00e1ch se po\u010das\u00ed m\u016f\u017ee zm\u011bnit b\u011bhem jedin\u00e9 hodiny ze slune\u010dn\u00e9ho dne na v\u011btrn\u00e9 a de\u0161tiv\u00e9 odpoledne, a tehdy byste m\u011bli b\u00fdt p\u0159ed prochladnut\u00edm vhodn\u011b zabezpe\u010den\u00ed.                                                                                                                                                                                                                                                                                                                                                                                          3.7\/5 - (19 votes)        "},{"@context":"https:\/\/schema.org\/","@type":"BreadcrumbList","itemListElement":[{"@type":"ListItem","position":1,"name":"A nezapome\u0148te v hor\u00e1ch na funk\u010dn\u00ed pr\u00e1dlo","item":"https:\/\/www.torfin.cz\/a-nezapomente-v-horach-na-funkcni-pradlo\/#breadcrumbitem"}]}]