[{"@context":"https:\/\/schema.org\/","@type":"Article","@id":"https:\/\/www.torfin.cz\/brazilsky-keratin-ano-nebo-ne\/#Article","mainEntityOfPage":"https:\/\/www.torfin.cz\/brazilsky-keratin-ano-nebo-ne\/","headline":"Brazilsk\u00fd keratin &#8211; ANO nebo NE?","name":"Brazilsk\u00fd keratin &#8211; ANO nebo NE?","description":"Brazilsk\u00fd keratin by m\u011bl b\u00fdt p\u0159\u00edrodn\u00ed produkt, kter\u00fd spat\u0159il sv\u011btlo sv\u011bta v roce 2006 v Braz\u00edlii, jak ji\u017e n\u00e1zev napov\u00edd\u00e1. Jeho \u00fa\u010dinky na vlasy maj\u00ed","datePublished":"2021-09-21","dateModified":"2023-06-01","author":{"@type":"Person","@id":"https:\/\/www.torfin.cz\/author\/#Person","name":"","url":"https:\/\/www.torfin.cz\/author\/","identifier":1,"image":{"@type":"ImageObject","@id":"https:\/\/secure.gravatar.com\/avatar\/87007d43bbcef3c87926bba9082d96a1a8da6f7ae55b1546f5f58a5e10d8ed12?s=96&d=mm&r=g","url":"https:\/\/secure.gravatar.com\/avatar\/87007d43bbcef3c87926bba9082d96a1a8da6f7ae55b1546f5f58a5e10d8ed12?s=96&d=mm&r=g","height":96,"width":96}},"publisher":{"@type":"Organization","name":"torfin.cz","logo":{"@type":"ImageObject","@id":"\/logo.png","url":"\/logo.png","width":600,"height":60}},"image":{"@type":"ImageObject","@id":"https:\/\/www.torfin.cz\/wp-content\/uploads\/rovn%C3%A9%20vlasy.jpg","url":"https:\/\/www.torfin.cz\/wp-content\/uploads\/rovn%C3%A9%20vlasy.jpg","height":0,"width":0},"url":"https:\/\/www.torfin.cz\/brazilsky-keratin-ano-nebo-ne\/","about":["Kr\u00e1sa"],"wordCount":668,"articleBody":"Brazilsk\u00fd keratin by m\u011bl b\u00fdt p\u0159\u00edrodn\u00ed produkt, kter\u00fd spat\u0159il sv\u011btlo sv\u011bta v roce 2006 v Braz\u00edlii, jak ji\u017e n\u00e1zev napov\u00edd\u00e1. Jeho \u00fa\u010dinky na vlasy maj\u00ed b\u00fdt p\u0159\u00edmo blahod\u00e1rn\u00e9. Produkt slibuje zacelen\u00ed rozt\u0159epen\u00fdch kone\u010dk\u016f, hladkou vlasovou strukturu a a\u017e t\u0159\u00edm\u011bs\u00ed\u010dn\u00ed rovn\u00e9 vlasy bez pou\u017eit\u00ed \u017eehli\u010dky na vlasy. Keratin je nav\u00edc pr\u00fd vysoce vhodn\u00fd pro pr\u00e1v\u011b barven\u00e9 a odbarvovan\u00e9 vlasy. Na internetu se na\u00a0tento produkt objevuj\u00ed velmi rozd\u00edln\u00e9 recenze. Jedna \u010d\u00e1st u\u017eivatel\u016f potvrzuje z\u00e1zra\u010dn\u00e9 vlastnosti brazilsk\u00e9ho keratinu a jin\u00e1 \u010d\u00e1st naopak p\u0159ed t\u00edmto produktem varuje. V n\u011bkter\u00fdch p\u0159\u00edpadech recenze hovo\u0159\u00ed dokonce o po\u0161kozen\u00fdch vlasech vlivem u\u017eit\u00ed t\u00e9to keratinov\u00e9 k\u00fary.\u00a0Jak to vlastn\u011b funguje?Brazilsk\u00fd keratin funguje tak, \u017ee obaluje jednotliv\u00e9 vlasy, na kter\u00e9 je aplikov\u00e1n (tzv. laminuje). P\u0159ed nanesen\u00edm keratinu se vlasy om\u00fdvaj\u00ed speci\u00e1ln\u00edm \u0161amponem, kter\u00fd je pro tento \u00fa\u010del vyvinut. Keratin se nech\u00e1 p\u016fsobit, n\u00e1sledn\u011b se vysu\u0161\u00ed a za\u017eehl\u00ed se \u017eehli\u010dkou na vlasy. \u017dehli\u010dka m\u00e1 b\u00fdt pro tento \u00fa\u010del nastavena na rozmez\u00ed 200-240 stup\u0148\u016f. P\u0159esto\u017ee se tato teplota m\u016f\u017ee n\u011bkomu zd\u00e1t vysok\u00e1, vlasy jsou ji\u017e v tuto chv\u00edli chr\u00e1n\u011bny nanesen\u00fdm keratinem. N\u00e1sleduje umyt\u00ed keratinov\u00e9 masky z vlas\u016f s pou\u017eit\u00edm druh\u00e9ho \u0161amponu, kter\u00fd se pou\u017e\u00edv\u00e1 po nanesen\u00ed keratinu. Po umyt\u00ed se vlasy je\u0161t\u011b na chv\u00edli nechaj\u00ed odpo\u010dinout v kondicion\u00e9ru, kter\u00fd by m\u011bl b\u00fdt sou\u010d\u00e1st\u00ed balen\u00ed a sta\u010d\u00ed ji\u017e vlasy vysu\u0161it, ide\u00e1ln\u011b f\u00e9nem. V\u00fdsledkem jsou rovn\u00e9 a zdrav\u011b vypadaj\u00edc\u00ed vlasy, kter\u00fdch si m\u016f\u017eete u\u017e\u00edvat je\u0161t\u011b po mnoha dal\u0161\u00edch umyt\u00edch (k nim se ji\u017e pou\u017e\u00edvaj\u00ed b\u011b\u017en\u00e9 vlasov\u00e9 \u0161ampony).Moje hodnocen\u00edM\u00e1 osobn\u00ed zku\u0161enost s t\u00edmto produktem je p\u0159ekvapiv\u011b pozitivn\u00ed. M\u00e9 p\u0159\u00edrodn\u00ed vlasy jsou kudrnat\u00e9 a po mel\u00edru maj\u00ed tendenci vypadat nezdrav\u011b. Brazilsk\u00fd keratin, kter\u00fd byl v m\u00e9m p\u0159\u00edpad\u011b pou\u017eit vy\u0161el na p\u0159ibli\u017en\u011b 10 euro. Po prvn\u00edm myt\u00ed p\u0159\u00edpravn\u00fdm \u0161amponem se vlasy zd\u00e1ly zacuchan\u00e9 a tvrd\u00e9, co\u017e v\u0161ak zmizel po vysou\u0161en\u00ed p\u0159ed nanesen\u00edm k\u00fary. Vlasy se po aplikaci k\u00fary velmi \u0161patn\u011b vysou\u0161eli a vlasy po n\u00e1sledn\u00e9m za\u017eehlov\u00e1n\u00ed vypadaly katastroficky. Mohu v\u0161ak \u0159\u00edci, \u017ee po fin\u00e1ln\u00edm myt\u00ed, pou\u017eit\u00ed kondicion\u00e9ru a vyf\u00e9nov\u00e1n\u00ed byl v\u00fdsledek skv\u011bl\u00fd. Vlasy vypadaly jako po z\u00e1sahu sal\u00f3nn\u00ed \u010dety. Velk\u00fdm p\u0159ekvapen\u00edm bylo tak\u00e9, \u017ee i po dvou t\u00fddnech (\u010d\u00edtaj\u00edc\u00edch celkem 7 myt\u00ed vlas\u016f) z\u016fstaly m\u00e9 vlasy zcela rovn\u00e9. Kone\u010dky se zdaj\u00ed zacelen\u00e9 a zdrav\u00e9, \u010demu\u017e p\u0159ed t\u00edm tak nebylo.\u00a0A\u010dkoli je m\u00e1 vlastn\u00ed zku\u0161enost velmi dobr\u00e1, z\u00e1le\u017e\u00ed jist\u011b tak\u00e9 na s\u00edle a typu vlas\u016f ka\u017ed\u00e9ho jedince. Garance 100% p\u0159\u00edrodn\u00edho produktu se mi zd\u00e1 trochu p\u0159ehnan\u00e1, proto\u017ee p\u0159i aplikaci byl c\u00edtit lehk\u00fd chemick\u00fd od\u00e9r a na k\u016f\u017ei bylo c\u00edtit drobn\u00e9 p\u00e1len\u00ed. M\u00fdm such\u00fdm vlas\u016fm keratin prosp\u011bl, ale dle m\u00e9ho n\u00e1zoru by vlastn\u00edci mastn\u011bj\u0161\u00edch vlas\u016f m\u011bli b\u00fdt opatrn\u00ed. V tomto p\u0159\u00edpad\u011b rozhodn\u011b doporu\u010duji tak\u00e9 konzultaci Va\u0161eho kade\u0159n\u00edka. Co se t\u00fd\u010de v\u00fddr\u017ee keratinu, nemohu hodnotit obdob\u00ed cel\u00fdch t\u0159\u00ed m\u011bs\u00edc\u016f a bude to jist\u011b z\u00e1viset na tom, jak \u010dasto si myjete vlasy, jak \u010dasto je zat\u011b\u017eujete laky a gely a jak\u00e9 vlasov\u00e9 produkty pou\u017e\u00edv\u00e1te. Ale pokud jsou Va\u0161e vlasy neposlu\u0161n\u00e9, denn\u011b se tr\u00e1p\u00edte \u017eehlen\u00edm (co\u017e vlasy samo o sob\u011b hodn\u011b po\u0161kozuje) a m\u00e1te rozt\u0159epen\u00e9 konce, nemohu jinak ne\u017e tento produkt doporu\u010dit. Za m\u011b tedy rozhodn\u011b ANO!                                                                                                                                                                                                                                                                                                                                                                                        4.2\/5 - (12 votes)        "},{"@context":"https:\/\/schema.org\/","@type":"BreadcrumbList","itemListElement":[{"@type":"ListItem","position":1,"name":"Brazilsk\u00fd keratin &#8211; ANO nebo NE?","item":"https:\/\/www.torfin.cz\/brazilsky-keratin-ano-nebo-ne\/#breadcrumbitem"}]}]